{"id":4851,"date":"2024-11-08T11:30:35","date_gmt":"2024-11-08T11:30:35","guid":{"rendered":"https:\/\/be-come.org\/?p=4851"},"modified":"2025-10-17T17:02:27","modified_gmt":"2025-10-17T17:02:27","slug":"collegium-madrid-2025","status":"publish","type":"post","link":"https:\/\/be-come.org\/en\/collegium-madrid-2025\/","title":{"rendered":"Collegium Program Madrid 2025"},"content":{"rendered":"<h2 class=\"wp-block-heading has-text-align-center\" id=\"0-liderazgo-en-centros-universitarios-residenciales-\"><strong>Leadership program for higher education residential centers<\/strong><br><\/h2>\n\n\n\n<div class=\"wp-block-uagb-advanced-heading uagb-block-79087e37\" id=\"1-collegium-es-una-experiencia-inmersiva-de-tres-d%C3%ADas-pensada-para-ayudarte-a-dise%C3%B1ar-centros-universitarios-residenciales-donde-todos-puedan-crecer-como-personas-es-un-espacio-para-que-equipos-directivos-pasen-unos-d%C3%ADas-juntos-en-un-ambiente-de-confianza-reflexionando-y-dialogando-sobre-c%C3%B3mo-convertir-sus-centros-en-lugares-que-promuevan-el-bienestar-la-integridad-y-la-identidad-de-cada-persona-de-manera-estrat%C3%A9gica-e-intencional-\"><h4 class=\"uagb-heading-text\"><br>Collegium is a three-day immersive experience prepared to help you design residential colleges where everyone can grow as a person. It is a space for leadership teams to spend a few days together, in an environment of trust, reflecting and discussing how to turn their centers into communities that promote the well-being, integrity and identity of each person in a strategic and intentional way.<br><br><\/h4><\/div>\n\n\n\n<div class=\"wp-block-group is-vertical is-layout-flex wp-container-core-group-is-layout-fe9cc265 wp-block-group-is-layout-flex\">\n<figure class=\"wp-block-gallery has-nested-images columns-default is-cropped wp-block-gallery-1 is-layout-flex wp-block-gallery-is-layout-flex\">\n<figure class=\"wp-block-image size-large\"><img loading=\"lazy\" decoding=\"async\" width=\"1024\" height=\"683\" data-id=\"4014\" src=\"https:\/\/be-come.org\/wp-content\/uploads\/2024\/07\/9-1024x683.jpg\" alt=\"\" class=\"wp-image-4014\" srcset=\"https:\/\/be-come.org\/wp-content\/uploads\/2024\/07\/9-1024x683.jpg 1024w, https:\/\/be-come.org\/wp-content\/uploads\/2024\/07\/9-300x200.jpg 300w, https:\/\/be-come.org\/wp-content\/uploads\/2024\/07\/9-768x512.jpg 768w, https:\/\/be-come.org\/wp-content\/uploads\/2024\/07\/9-1536x1024.jpg 1536w, https:\/\/be-come.org\/wp-content\/uploads\/2024\/07\/9-2048x1365.jpg 2048w, https:\/\/be-come.org\/wp-content\/uploads\/2024\/07\/9-18x12.jpg 18w\" sizes=\"auto, (max-width: 1024px) 100vw, 1024px\" \/><\/figure>\n\n\n\n<figure class=\"wp-block-image size-large\"><img loading=\"lazy\" decoding=\"async\" width=\"1024\" height=\"683\" data-id=\"4031\" src=\"https:\/\/be-come.org\/wp-content\/uploads\/2024\/07\/Copia-de-_DSC3550-1024x683.jpg\" alt=\"\" class=\"wp-image-4031\" srcset=\"https:\/\/be-come.org\/wp-content\/uploads\/2024\/07\/Copia-de-_DSC3550-1024x683.jpg 1024w, https:\/\/be-come.org\/wp-content\/uploads\/2024\/07\/Copia-de-_DSC3550-300x200.jpg 300w, https:\/\/be-come.org\/wp-content\/uploads\/2024\/07\/Copia-de-_DSC3550-768x512.jpg 768w, https:\/\/be-come.org\/wp-content\/uploads\/2024\/07\/Copia-de-_DSC3550-1536x1024.jpg 1536w, https:\/\/be-come.org\/wp-content\/uploads\/2024\/07\/Copia-de-_DSC3550-2048x1365.jpg 2048w, https:\/\/be-come.org\/wp-content\/uploads\/2024\/07\/Copia-de-_DSC3550-18x12.jpg 18w\" sizes=\"auto, (max-width: 1024px) 100vw, 1024px\" \/><\/figure>\n\n\n\n<figure class=\"wp-block-image size-large\"><img loading=\"lazy\" decoding=\"async\" width=\"1024\" height=\"683\" data-id=\"4295\" src=\"https:\/\/be-come.org\/wp-content\/uploads\/2024\/07\/7c67c613bc95a26dd7df2059f33c67b4-1024x683.jpg\" alt=\"\" class=\"wp-image-4295\" srcset=\"https:\/\/be-come.org\/wp-content\/uploads\/2024\/07\/7c67c613bc95a26dd7df2059f33c67b4-1024x683.jpg 1024w, https:\/\/be-come.org\/wp-content\/uploads\/2024\/07\/7c67c613bc95a26dd7df2059f33c67b4-300x200.jpg 300w, https:\/\/be-come.org\/wp-content\/uploads\/2024\/07\/7c67c613bc95a26dd7df2059f33c67b4-768x512.jpg 768w, https:\/\/be-come.org\/wp-content\/uploads\/2024\/07\/7c67c613bc95a26dd7df2059f33c67b4-1536x1025.jpg 1536w, https:\/\/be-come.org\/wp-content\/uploads\/2024\/07\/7c67c613bc95a26dd7df2059f33c67b4-18x12.jpg 18w, https:\/\/be-come.org\/wp-content\/uploads\/2024\/07\/7c67c613bc95a26dd7df2059f33c67b4.jpg 2048w\" sizes=\"auto, (max-width: 1024px) 100vw, 1024px\" \/><\/figure>\n<\/figure>\n\n\n\n<h2 class=\"wp-block-heading has-text-align-center\" id=\"2-las-universidades-est%C3%A1n-perfectamente-dise%C3%B1adas-para-los-resultados-que-estamos-obteniendo-si-no-nos-gustan-los-resultados-tenemos-que-redise%C3%B1ar-las-universidades-\"><br><em><strong>\"Residence halls are perfectly designed for the results we are getting. If we don't like the results, we have to redesign the residence halls.\"<\/strong><br><\/em><br><\/h2>\n<\/div>\n\n\n\n<figure class=\"wp-block-embed is-type-video is-provider-youtube wp-block-embed-youtube wp-embed-aspect-16-9 wp-has-aspect-ratio\"><div class=\"wp-block-embed__wrapper\">\n<iframe loading=\"lazy\" title=\"Ideas marco para redise\u00f1ar las residencias universitarias\" width=\"500\" height=\"281\" src=\"https:\/\/www.youtube.com\/embed\/OE3K2Bk7ja4?feature=oembed\" frameborder=\"0\" allow=\"accelerometer; autoplay; clipboard-write; encrypted-media; gyroscope; picture-in-picture; web-share\" referrerpolicy=\"strict-origin-when-cross-origin\" allowfullscreen><\/iframe>\n<\/div><\/figure>\n\n\n<div class=\"ub-buttons align-button-center orientation-button-row ub-flex-wrap wp-block-ub-button\"  id=\"ub-button-24020337-e695-4241-bc52-128f47ce208b\"><div class=\"ub-button-container\">\n    <a href=\"https:\/\/forms.gle\/r89qHZRJKVTjGyxx6\" target=\"_blank\"\n    rel=\"noopener noreferrer\"\n    class=\"ub-button-block-main ub-button-medium ub-button-flex-medium\" role=\"button\">\n    <div class=\"ub-button-content-holder\"><span class=\"ub-button-block-btn\"><strong>Application form<\/strong><\/span>\n    <\/div><\/a><\/div><\/div>\n\n\n<h2 class=\"wp-block-heading has-text-align-center\" id=\"3-objetivos-de-collegium-\"><br>Goals of the Collegium program<br><br><\/h2>\n\n\n\n<div class=\"wp-block-uagb-container uagb-block-cf5ede26 alignfull uagb-is-root-container\"><div class=\"uagb-container-inner-blocks-wrap\">\n<div class=\"wp-block-uagb-container uagb-block-6c94744a\">\n<h2 class=\"wp-block-heading has-contrast-2-color has-text-color has-link-color wp-elements-609a44576cae6a57767f74cee78039f0\" id=\"4-01\" style=\"margin-top:0;margin-bottom:0;font-size:clamp(29.768px, 1.861rem + ((1vw - 3.2px) * 2.316), 52px);\">01<\/h2>\n\n\n\n<h2 class=\"wp-block-heading has-ast-global-color-7-color has-text-color has-link-color wp-elements-bd71fab6070b6fa439c6cce9e478c4f9\" id=\"5-conocer-los-principios-de-dise%C3%B1o-que-contribuyen-al-crecimiento-de-las-personas\" style=\"margin-top:0;margin-bottom:0;font-size:clamp(20px, 1.25rem + ((1vw - 3.2px) * 1.25), 32px);line-height:1.1\"><em>To know the design principles<\/em> that contribute to personal growth<\/h2>\n\n\n\n<p style=\"margin-top:32px;margin-bottom:0;font-size:clamp(14px, 0.875rem + ((1vw - 3.2px) * 0.208), 16px);line-height:1.3\">Specifically, we work with the PRIMED model by Marvin Berkowitz from the Center for Character and Citizenship, and we draw inspiration from Lawrence Kohlberg's Just Communities project, developed at Harvard in the 1980s. Those who will lead this change need to understand the principles underlying the practices they will later implement.<\/p>\n<\/div>\n\n\n\n<div class=\"wp-block-uagb-container uagb-block-e7894941\">\n<div class=\"wp-block-uagb-container uagb-block-c1bd9b1b\"><\/div>\n<\/div>\n<\/div><\/div>\n\n\n\n<div class=\"wp-block-uagb-container uagb-block-b1aeb01e alignfull uagb-is-root-container\"><div class=\"uagb-container-inner-blocks-wrap\">\n<div class=\"wp-block-uagb-container uagb-block-cbafa5a4\">\n<h2 class=\"wp-block-heading has-accent-color has-text-color has-link-color wp-elements-0375bcd40b663ee801597c526121b7ec\" id=\"6-02\" style=\"margin-top:0;margin-bottom:0;font-size:clamp(29.768px, 1.861rem + ((1vw - 3.2px) * 2.316), 52px);\">02<\/h2>\n\n\n\n<h2 class=\"wp-block-heading has-ast-global-color-7-color has-text-color has-link-color wp-elements-ec06c876ecfdf395d5f80bc8c55d4854\" id=\"7-fortalecer-las-relaciones-del-equipo-en-un-formato-de-aprendizaje-experiencial\" style=\"margin-top:0;margin-bottom:0;font-size:clamp(20px, 1.25rem + ((1vw - 3.2px) * 1.25), 32px);line-height:1.1\"><em>Build-up team relationships<\/em> through experiential learning<\/h2>\n\n\n\n<p><br>Implementing a change of this magnitude, which directly impacts the culture of a residential center, requires a united team eager to take on this ambitious challenge. During Collegium, participants will have the opportunity to strengthen bonds with their team members, share many hours of conversation, and enjoy their time together.<\/p>\n<\/div>\n\n\n\n<div class=\"wp-block-uagb-container uagb-block-33bc18e7\">\n<div class=\"wp-block-uagb-container uagb-block-1516ed95\"><\/div>\n<\/div>\n<\/div><\/div>\n\n\n\n<div class=\"wp-block-uagb-container uagb-block-8b54bb95 alignfull uagb-is-root-container\"><div class=\"uagb-container-inner-blocks-wrap\">\n<div class=\"wp-block-uagb-container uagb-block-dc68aa13\">\n<h2 class=\"wp-block-heading has-accent-3-color has-text-color has-link-color wp-elements-62292cb4b8d7bae91c9977ca7274ed7c\" id=\"8-03\" style=\"margin-top:0;margin-bottom:0;font-size:clamp(29.768px, 1.861rem + ((1vw - 3.2px) * 2.316), 52px);\">03<\/h2>\n\n\n\n<h2 class=\"wp-block-heading has-ast-global-color-7-color has-text-color has-link-color wp-elements-4a2b3e0b2307a2ea2c40aed7b4079ec9 translation-block\" id=\"9-hacer-un-plan-de-acci%C3%B3n-para-el-pr%C3%B3ximo-curso-acad%C3%A9mico\" style=\"margin-top:0;margin-bottom:0;font-size:clamp(20px, 1.25rem + ((1vw - 3.2px) * 1.25), 32px);line-height:1.1\"><em>Develop an action plan<\/em> for the next academic year<\/h2>\n\n\n\n<p style=\"margin-top:32px;margin-bottom:0;font-size:clamp(14px, 0.875rem + ((1vw - 3.2px) * 0.208), 16px);line-height:1.3\">With the knowledge gained at Collegium, participants are encouraged to develop an action plan for the upcoming academic year. Cultural transformations usually require several years of dedicated work. The plan created during these days can serve as a starting point to introduce a personal growth approach within the educational center. Participants will receive guidance from the facilitators throughout this process.<\/p>\n<\/div>\n\n\n\n<div class=\"wp-block-uagb-container uagb-block-08355a6e\">\n<div class=\"wp-block-uagb-container uagb-block-e81b53ee\"><\/div>\n<\/div>\n<\/div><\/div>\n\n\n\n<div class=\"wp-block-group has-global-padding is-layout-constrained wp-block-group-is-layout-constrained\">\n<div class=\"wp-block-uagb-advanced-heading uagb-block-085d0c31\" id=\"10-seis-pr%C3%A1cticas-fundamentales\"><h2 class=\"uagb-heading-text\">Six key practices<\/h2><\/div>\n\n\n\n<div class=\"wp-block-uagb-advanced-heading uagb-block-eade2b7f\" id=\"11-nos-enfocamos-en-redise%C3%B1ar-aspectos-clave-del-d%C3%ADa-a-d%C3%ADa-de-los-centros-residenciales-identificados-en-recientes-estudios-como-esenciales-para-su-impacto-educativo-en-particular-trabajamos-en-seis-pr%C3%A1cticas-fundamentales-\"><h4 class=\"uagb-heading-text\">We focus on redesigning key aspects of the daily life of residential centers, identified in recent studies as essential for their educational impact. Specifically, we work on six fundamental practices:<br><br><\/h4><\/div>\n<\/div>\n\n\n\n<div class=\"wp-block-uagb-container uagb-block-c3023891 alignfull uagb-is-root-container\"><div class=\"uagb-container-inner-blocks-wrap\">\n<div class=\"wp-block-uagb-container uagb-block-30a122c9\">\n<h2 class=\"wp-block-heading has-ast-global-color-7-color has-text-color has-link-color wp-elements-f9eb070eec9d7dd3633003579044df51\" id=\"12-gobierno-colaborativo\" style=\"margin-top:var(--wp--preset--spacing--10);margin-bottom:var(--wp--preset--spacing--10);font-size:clamp(20px, 1.25rem + ((1vw - 3.2px) * 1.25), 32px);line-height:1.1\">Collaborative governance<\/h2>\n\n\n\n<p style=\"margin-top:32px;margin-bottom:0;font-size:clamp(14px, 0.875rem + ((1vw - 3.2px) * 0.208), 16px);line-height:1.3\">This practice involves students participating in the governance of their community through leadership and management roles, consultation and deliberation processes, and\/or decision-making. This is carried out in alignment with the community's mission and values, contributing to its common good.<br><br>For example: in my center, there is a Council or Assembly that gathers students to deliberate and make decisions; there are working teams such as deans, commissions, committees, or boards with leadership and management responsibilities; there is some form of democratic process for electing community leaders; and so on.<\/p>\n<\/div>\n\n\n\n<div class=\"wp-block-uagb-container uagb-block-a1c6f991\">\n<div class=\"wp-block-uagb-container uagb-block-fe5ee0d8\">\n<figure class=\"wp-block-gallery has-nested-images columns-default is-cropped wp-block-gallery-2 is-layout-flex wp-block-gallery-is-layout-flex\"><\/figure>\n<\/div>\n<\/div>\n<\/div><\/div>\n\n\n\n<div class=\"wp-block-uagb-container uagb-block-618645c5 alignfull uagb-is-root-container\"><div class=\"uagb-container-inner-blocks-wrap\">\n<div class=\"wp-block-uagb-container uagb-block-dc2fc7ab\">\n<h2 class=\"wp-block-heading has-ast-global-color-7-color has-text-color has-link-color wp-elements-df7e283ed70f2b999d5bf236723fe33f\" id=\"13-encargos-y-tareas-de-servicio\" style=\"margin-top:var(--wp--preset--spacing--10);margin-bottom:var(--wp--preset--spacing--10);font-size:clamp(20px, 1.25rem + ((1vw - 3.2px) * 1.25), 32px);line-height:1.1\">Service roles and tasks<\/h2>\n\n\n\n<p style=\"margin-top:0;margin-bottom:0\"><br>This practice consists of students being assigned a role or a task in which they provide a service to the community or contribute to the care and maintenance of the center's facilities.<br><br>By way of example: tidying and cleaning common areas; taking photographs and videos of activities; gardening tasks; creating content for the website or social networks; taking care of electronic equipment; library management.<\/p>\n<\/div>\n\n\n\n<div class=\"wp-block-uagb-container uagb-block-57437769\">\n<div class=\"wp-block-uagb-container uagb-block-3a247fcf\"><\/div>\n<\/div>\n<\/div><\/div>\n\n\n\n<div class=\"wp-block-uagb-container uagb-block-1d520c9d alignfull uagb-is-root-container\"><div class=\"uagb-container-inner-blocks-wrap\">\n<div class=\"wp-block-uagb-container uagb-block-c34092c0\">\n<h2 class=\"wp-block-heading has-ast-global-color-7-color has-text-color has-link-color wp-elements-3441ed388ca5c3525301ad9a34a0450f\" id=\"14-jornadas-convivencias-excursiones-viajes\" style=\"margin-top:var(--wp--preset--spacing--10);margin-bottom:var(--wp--preset--spacing--10);font-size:clamp(20px, 1.25rem + ((1vw - 3.2px) * 1.25), 32px);line-height:1.1\">Retreats, excursions, trips.<\/h2>\n\n\n\n<p style=\"margin-top:32px;margin-bottom:0;font-size:clamp(14px, 0.875rem + ((1vw - 3.2px) * 0.208), 16px);line-height:1.3\">This practice consists of dedicating a few hours or days to withdraw from the ordinary life of the residence with a group of students to deepen or enhance some aspect of the community, such as its needs, mission or values.<br><br>By way of example: these experiences can take the form of an excursion to the mountains, a cultural visit, a professional trip, a work day, a spiritual retreat, a ski plan, a work camp, a study day.<\/p>\n<\/div>\n\n\n\n<div class=\"wp-block-uagb-container uagb-block-55045121\">\n<div class=\"wp-block-uagb-container uagb-block-53274e8f\"><\/div>\n<\/div>\n<\/div><\/div>\n\n\n\n<div class=\"wp-block-uagb-container uagb-block-38840148 alignfull uagb-is-root-container\"><div class=\"uagb-container-inner-blocks-wrap\">\n<div class=\"wp-block-uagb-container uagb-block-f6998e31\">\n<h2 class=\"wp-block-heading has-ast-global-color-7-color has-text-color has-link-color wp-elements-f02cf2c5d8bb60e3660bf9a301821a75\" id=\"15-iniciativas-colegiales\" style=\"margin-top:var(--wp--preset--spacing--10);margin-bottom:var(--wp--preset--spacing--10);font-size:clamp(20px, 1.25rem + ((1vw - 3.2px) * 1.25), 32px);line-height:1.1\">Students initiatives<\/h2>\n\n\n\n<p><br>This practice consists of listening to the voice of the students about the initiatives they would like to carry out and offering the necessary institutional support to implement them.<br><br>By way of example: the initiative of the students gives rise to social volunteering, conferences, round tables, colloquiums with invited experts, sports tournaments, clubs, activities, artistic experiences, debates, workshops, seminars, celebrations, excursions or cultural trips, among others.<\/p>\n<\/div>\n\n\n\n<div class=\"wp-block-uagb-container uagb-block-b683783a\">\n<div class=\"wp-block-uagb-container uagb-block-709de97b\"><\/div>\n<\/div>\n<\/div><\/div>\n\n\n\n<div class=\"wp-block-uagb-container uagb-block-a449a2c7 alignfull uagb-is-root-container\"><div class=\"uagb-container-inner-blocks-wrap\">\n<div class=\"wp-block-uagb-container uagb-block-d0883d3b\">\n<h2 class=\"wp-block-heading has-ast-global-color-7-color has-text-color has-link-color wp-elements-bd76268512402e33c3af9b01d07c89d7\" id=\"16-asesoramiento-entre-iguales\" style=\"margin-top:var(--wp--preset--spacing--10);margin-bottom:var(--wp--preset--spacing--10);font-size:clamp(20px, 1.25rem + ((1vw - 3.2px) * 1.25), 32px);line-height:1.1\">Peer mentoring<\/h2>\n\n\n\n<p style=\"margin-top:32px;margin-bottom:0;font-size:clamp(14px, 0.875rem + ((1vw - 3.2px) * 0.208), 16px);line-height:1.3\">This practice consists of facilitating the opportunity for students to establish an advisory\/tutoring\/mentoring relationship with another student or member of the community. Essentially, this is a mentoring system between peers who share student status, where the mentee can benefit from the advice, experience and support of a more senior mentor.<br><br>For example: first-year students are assigned an advisor for academics; for the first few days of the course, there are senior students who spend time explaining how the residence works, introducing them to the community life, presenting them to other students; undergraduates can turn to graduate students or professors who are part of the residential community for academic, professional, or personal advice.<\/p>\n<\/div>\n\n\n\n<div class=\"wp-block-uagb-container uagb-block-33ddb8fb\">\n<div class=\"wp-block-uagb-container uagb-block-c35110cc\"><\/div>\n<\/div>\n<\/div><\/div>\n\n\n\n<div class=\"wp-block-uagb-container uagb-block-777961f2 alignfull uagb-is-root-container\"><div class=\"uagb-container-inner-blocks-wrap\">\n<div class=\"wp-block-uagb-container uagb-block-328db138\">\n<h2 class=\"wp-block-heading has-ast-global-color-7-color has-text-color has-link-color wp-elements-469fc0f0666b933e1be9e6397c281b3f\" id=\"17-tertulias-coloquios-reuniones-informales\" style=\"margin-top:var(--wp--preset--spacing--10);margin-bottom:var(--wp--preset--spacing--10);font-size:clamp(20px, 1.25rem + ((1vw - 3.2px) * 1.25), 32px);line-height:1.1\">Tertulias, colloquiums, informal meetings.<\/h2>\n\n\n\n<p><\/p>\n\n\n\n<p><br>This practice consists of periodic informal meetings in which a significant part of the community meets and has a relaxed conversation in a climate of trust and spontaneity.<br><br>For example: having a daily informal meeting in which a significant part of the community meets and talks about what has happened that day; inviting a guest speaker to meet with the community in the context of an informal conversation.<\/p>\n<\/div>\n\n\n\n<div class=\"wp-block-uagb-container uagb-block-886b2db6\">\n<div class=\"wp-block-uagb-container uagb-block-84df21fb\"><\/div>\n<\/div>\n<\/div><\/div>\n\n\n\n<figure class=\"wp-block-gallery has-nested-images columns-default is-cropped wp-block-gallery-3 is-layout-flex wp-block-gallery-is-layout-flex\">\n<figure class=\"wp-block-image size-large\"><img loading=\"lazy\" decoding=\"async\" width=\"1024\" height=\"683\" data-id=\"4290\" src=\"https:\/\/be-come.org\/wp-content\/uploads\/2024\/07\/ae1ac40da8022c37c4a21489e313d4f5-1024x683.jpg\" alt=\"\" class=\"wp-image-4290\" srcset=\"https:\/\/be-come.org\/wp-content\/uploads\/2024\/07\/ae1ac40da8022c37c4a21489e313d4f5-1024x683.jpg 1024w, https:\/\/be-come.org\/wp-content\/uploads\/2024\/07\/ae1ac40da8022c37c4a21489e313d4f5-300x200.jpg 300w, https:\/\/be-come.org\/wp-content\/uploads\/2024\/07\/ae1ac40da8022c37c4a21489e313d4f5-768x512.jpg 768w, https:\/\/be-come.org\/wp-content\/uploads\/2024\/07\/ae1ac40da8022c37c4a21489e313d4f5-1536x1024.jpg 1536w, https:\/\/be-come.org\/wp-content\/uploads\/2024\/07\/ae1ac40da8022c37c4a21489e313d4f5-2048x1366.jpg 2048w, https:\/\/be-come.org\/wp-content\/uploads\/2024\/07\/ae1ac40da8022c37c4a21489e313d4f5-18x12.jpg 18w\" sizes=\"auto, (max-width: 1024px) 100vw, 1024px\" \/><\/figure>\n\n\n\n<figure class=\"wp-block-image size-large\"><img loading=\"lazy\" decoding=\"async\" width=\"1024\" height=\"683\" data-id=\"3553\" src=\"https:\/\/be-come.org\/wp-content\/uploads\/2024\/07\/11-1024x683.jpg\" alt=\"\" class=\"wp-image-3553\" srcset=\"https:\/\/be-come.org\/wp-content\/uploads\/2024\/07\/11-1024x683.jpg 1024w, https:\/\/be-come.org\/wp-content\/uploads\/2024\/07\/11-300x200.jpg 300w, https:\/\/be-come.org\/wp-content\/uploads\/2024\/07\/11-768x512.jpg 768w, https:\/\/be-come.org\/wp-content\/uploads\/2024\/07\/11-1536x1024.jpg 1536w, https:\/\/be-come.org\/wp-content\/uploads\/2024\/07\/11-2048x1365.jpg 2048w\" sizes=\"auto, (max-width: 1024px) 100vw, 1024px\" \/><\/figure>\n\n\n\n<figure class=\"wp-block-image size-large\"><img loading=\"lazy\" decoding=\"async\" width=\"1024\" height=\"683\" data-id=\"3554\" src=\"https:\/\/be-come.org\/wp-content\/uploads\/2024\/07\/12-1024x683.jpg\" alt=\"\" class=\"wp-image-3554\" srcset=\"https:\/\/be-come.org\/wp-content\/uploads\/2024\/07\/12-1024x683.jpg 1024w, https:\/\/be-come.org\/wp-content\/uploads\/2024\/07\/12-300x200.jpg 300w, https:\/\/be-come.org\/wp-content\/uploads\/2024\/07\/12-768x512.jpg 768w, https:\/\/be-come.org\/wp-content\/uploads\/2024\/07\/12-1536x1024.jpg 1536w, https:\/\/be-come.org\/wp-content\/uploads\/2024\/07\/12-2048x1365.jpg 2048w\" sizes=\"auto, (max-width: 1024px) 100vw, 1024px\" \/><\/figure>\n\n\n\n<figure class=\"wp-block-image size-large\"><img loading=\"lazy\" decoding=\"async\" width=\"1024\" height=\"683\" data-id=\"4449\" src=\"https:\/\/be-come.org\/wp-content\/uploads\/2024\/08\/DSC4709-1024x683.jpg\" alt=\"\" class=\"wp-image-4449\" srcset=\"https:\/\/be-come.org\/wp-content\/uploads\/2024\/08\/DSC4709-1024x683.jpg 1024w, https:\/\/be-come.org\/wp-content\/uploads\/2024\/08\/DSC4709-300x200.jpg 300w, https:\/\/be-come.org\/wp-content\/uploads\/2024\/08\/DSC4709-768x512.jpg 768w, https:\/\/be-come.org\/wp-content\/uploads\/2024\/08\/DSC4709-1536x1024.jpg 1536w, https:\/\/be-come.org\/wp-content\/uploads\/2024\/08\/DSC4709-2048x1365.jpg 2048w, https:\/\/be-come.org\/wp-content\/uploads\/2024\/08\/DSC4709-18x12.jpg 18w\" sizes=\"auto, (max-width: 1024px) 100vw, 1024px\" \/><\/figure>\n<\/figure>\n\n\n\n<div class=\"wp-block-group alignwide has-global-padding is-layout-constrained wp-block-group-is-layout-constrained\">\n<div class=\"wp-block-columns alignwide are-vertically-aligned-center is-layout-flex wp-container-core-columns-is-layout-47c06fe3 wp-block-columns-is-layout-flex\">\n<div class=\"wp-block-column is-vertically-aligned-center is-layout-flow wp-block-column-is-layout-flow\" style=\"flex-basis:50%\">\n<h2 class=\"wp-block-heading\" id=\"18-ponentes\">Speakers<\/h2>\n\n\n\n<pre class=\"wp-block-verse\">The speakers of the course are Juan P. Dabdoub and Aitor R. Salaverr\u00eda, co-directors of Become.<br><br><strong>Juan P. Dabdoub<\/strong> is Associate Professor at UNIR, member of the Education, Citizenship and Character Research group at University of Navarra, Scholar Affiliate of the Center for Character and Citizenship, and Secretary of the Association for Moral Education. For 10 years he worked in a Residence Hall as responsible for promoting the development of the character of the students.<br><br><strong>Aitor R. Salaverr\u00eda<\/strong> is a member of the Education, Citizenship, and Character Group at the University of Navarra, where he researches how to promote character development in universities. He was in the direction of the Colegio Mayor Belagua for 10 years, 4 of them as director.<\/pre>\n<\/div>\n\n\n\n<div class=\"wp-block-column is-vertically-aligned-center is-layout-flow wp-block-column-is-layout-flow\" style=\"flex-basis:50%\">\n<figure class=\"wp-block-image size-full is-style-rounded is-style-rounded--4\"><img loading=\"lazy\" decoding=\"async\" width=\"1916\" height=\"1276\" src=\"https:\/\/be-come.org\/wp-content\/uploads\/2024\/08\/Screenshot-2024-08-23-at-11.37.45-PM.png\" alt=\"Un ejemplo vivo\" class=\"wp-image-4698\" srcset=\"https:\/\/be-come.org\/wp-content\/uploads\/2024\/08\/Screenshot-2024-08-23-at-11.37.45-PM.png 1916w, https:\/\/be-come.org\/wp-content\/uploads\/2024\/08\/Screenshot-2024-08-23-at-11.37.45-PM-300x200.png 300w, https:\/\/be-come.org\/wp-content\/uploads\/2024\/08\/Screenshot-2024-08-23-at-11.37.45-PM-1024x682.png 1024w, https:\/\/be-come.org\/wp-content\/uploads\/2024\/08\/Screenshot-2024-08-23-at-11.37.45-PM-768x511.png 768w, https:\/\/be-come.org\/wp-content\/uploads\/2024\/08\/Screenshot-2024-08-23-at-11.37.45-PM-1536x1023.png 1536w, https:\/\/be-come.org\/wp-content\/uploads\/2024\/08\/Screenshot-2024-08-23-at-11.37.45-PM-18x12.png 18w\" sizes=\"auto, (max-width: 1916px) 100vw, 1916px\" \/><\/figure>\n<\/div>\n<\/div>\n<\/div>\n\n\n<h2 class=\"ub_advanced_heading wp-block-ub-advanced-heading\" id=\"ub-advanced-heading-03c8fa1d-ed8e-4e7f-bd48-b698cf9f256e\" data-blockid=\"03c8fa1d-ed8e-4e7f-bd48-b698cf9f256e\"><strong>Audience<\/strong><\/h2>\n\n\n<pre class=\"wp-block-verse\">Collegium is designed for leadership teams of university residential centers, such as Colegios Mayores, Residence Halls, Colleges, University Residences, and similar institutions. It is highly recommended that the center's director attend with their leadership team. However, it is also possible for leadership teams to participate even if their leader is unable to attend.<\/pre>\n\n\n<h2 class=\"ub_advanced_heading wp-block-ub-advanced-heading\" id=\"ub-advanced-heading-fbd4d021-6ccc-4500-b60b-fb7ccbe9d0e8\" data-blockid=\"fbd4d021-6ccc-4500-b60b-fb7ccbe9d0e8\"><strong>Certification<\/strong><\/h2>\n\n\n<pre class=\"wp-block-verse\">Those who complete the Institute can receive a certification from Become, the Center for Character and Citizenship at the University of Missouri-St. Louis, and the Education, Citizenship, and Character Research Group at the University of Navarra.<\/pre>\n\n\n\n<div class=\"wp-block-group has-global-padding is-layout-constrained wp-block-group-is-layout-constrained\">\n<div class=\"wp-block-columns is-layout-flex wp-container-core-columns-is-layout-28f84493 wp-block-columns-is-layout-flex\">\n<div class=\"wp-block-column is-layout-flow wp-block-column-is-layout-flow\" style=\"flex-basis:50%\">\n<div class=\"wp-block-columns is-layout-flex wp-container-core-columns-is-layout-28f84493 wp-block-columns-is-layout-flex\">\n<div class=\"wp-block-column is-layout-flow wp-block-column-is-layout-flow\" style=\"flex-basis:100%\">\n<div class=\"wp-block-group is-nowrap is-layout-flex wp-container-core-group-is-layout-6c531013 wp-block-group-is-layout-flex\">\n<div class=\"wp-block-columns is-layout-flex wp-container-core-columns-is-layout-28f84493 wp-block-columns-is-layout-flex\">\n<div class=\"wp-block-column is-layout-flow wp-block-column-is-layout-flow\" style=\"flex-basis:100%\">\n<div class=\"wp-block-columns is-layout-flex wp-container-core-columns-is-layout-28f84493 wp-block-columns-is-layout-flex\">\n<div class=\"wp-block-column is-layout-flow wp-block-column-is-layout-flow\" style=\"flex-basis:100%\">\n<figure class=\"wp-block-gallery has-nested-images columns-default is-cropped wp-block-gallery-5 is-layout-flex wp-block-gallery-is-layout-flex\">\n<figure class=\"wp-block-image size-large is-style-default\"><img loading=\"lazy\" decoding=\"async\" width=\"1024\" height=\"240\" data-id=\"4911\" src=\"https:\/\/be-come.org\/wp-content\/uploads\/2024\/11\/UNAV-GrupoEducacionCiudadaniayCaracter_Color-1-1024x240.png\" alt=\"\" class=\"wp-image-4911\" srcset=\"https:\/\/be-come.org\/wp-content\/uploads\/2024\/11\/UNAV-GrupoEducacionCiudadaniayCaracter_Color-1-1024x240.png 1024w, https:\/\/be-come.org\/wp-content\/uploads\/2024\/11\/UNAV-GrupoEducacionCiudadaniayCaracter_Color-1-300x70.png 300w, https:\/\/be-come.org\/wp-content\/uploads\/2024\/11\/UNAV-GrupoEducacionCiudadaniayCaracter_Color-1-768x180.png 768w, https:\/\/be-come.org\/wp-content\/uploads\/2024\/11\/UNAV-GrupoEducacionCiudadaniayCaracter_Color-1-1536x359.png 1536w, https:\/\/be-come.org\/wp-content\/uploads\/2024\/11\/UNAV-GrupoEducacionCiudadaniayCaracter_Color-1-2048x479.png 2048w, https:\/\/be-come.org\/wp-content\/uploads\/2024\/11\/UNAV-GrupoEducacionCiudadaniayCaracter_Color-1-18x4.png 18w\" sizes=\"auto, (max-width: 1024px) 100vw, 1024px\" \/><\/figure>\n<\/figure>\n<\/div>\n<\/div>\n<\/div>\n<\/div>\n<\/div>\n<\/div>\n<\/div>\n<\/div>\n\n\n\n<div class=\"wp-block-column is-layout-flow wp-block-column-is-layout-flow\" style=\"flex-basis:50%\">\n<div class=\"wp-block-columns is-layout-flex wp-container-core-columns-is-layout-28f84493 wp-block-columns-is-layout-flex\">\n<div class=\"wp-block-column is-layout-flow wp-block-column-is-layout-flow\" style=\"flex-basis:100%\">\n<figure class=\"wp-block-image size-large\"><img loading=\"lazy\" decoding=\"async\" width=\"1024\" height=\"342\" src=\"https:\/\/be-come.org\/wp-content\/uploads\/2024\/11\/ccclogo-1024x342.png\" alt=\"\" class=\"wp-image-4909\" srcset=\"https:\/\/be-come.org\/wp-content\/uploads\/2024\/11\/ccclogo-1024x342.png 1024w, https:\/\/be-come.org\/wp-content\/uploads\/2024\/11\/ccclogo-300x100.png 300w, https:\/\/be-come.org\/wp-content\/uploads\/2024\/11\/ccclogo-768x256.png 768w, https:\/\/be-come.org\/wp-content\/uploads\/2024\/11\/ccclogo-1536x512.png 1536w, https:\/\/be-come.org\/wp-content\/uploads\/2024\/11\/ccclogo-2048x683.png 2048w, https:\/\/be-come.org\/wp-content\/uploads\/2024\/11\/ccclogo-18x6.png 18w\" sizes=\"auto, (max-width: 1024px) 100vw, 1024px\" \/><\/figure>\n<\/div>\n<\/div>\n<\/div>\n<\/div>\n<\/div>\n\n\n\n<p><\/p>","protected":false},"excerpt":{"rendered":"<p>Collegium es una experiencia de inmersi\u00f3n de cinco d\u00edas en c\u00f3mo dise\u00f1ar centros universitarios residenciales en los que todos puedan crecer como personas.<\/p>","protected":false},"author":2,"featured_media":4908,"comment_status":"open","ping_status":"open","sticky":false,"template":"wp-custom-template-events-template","format":"standard","meta":{"_acf_changed":false,"_uag_custom_page_level_css":"","ub_ctt_via":"","footnotes":""},"categories":[1],"tags":[],"class_list":["post-4851","post","type-post","status-publish","format-standard","has-post-thumbnail","hentry","category-blog"],"acf":[],"featured_image_src":"https:\/\/be-come.org\/wp-content\/uploads\/2024\/11\/Eventos-Collegium.png","author_info":{"display_name":"Juan Dabdoub","author_link":"https:\/\/be-come.org\/en\/author\/jp\/"},"yoast_head":"<!-- This site is optimized with the Yoast SEO plugin v26.4 - https:\/\/yoast.com\/wordpress\/plugins\/seo\/ -->\n<title>Programa Collegium Madrid 2025 - Become<\/title>\n<meta name=\"robots\" content=\"index, follow, max-snippet:-1, max-image-preview:large, max-video-preview:-1\" \/>\n<link rel=\"canonical\" href=\"https:\/\/be-come.org\/en\/collegium-madrid-2025\/\" \/>\n<meta property=\"og:locale\" content=\"en_US\" \/>\n<meta property=\"og:type\" content=\"article\" \/>\n<meta property=\"og:title\" content=\"Programa Collegium Madrid 2025 - Become\" \/>\n<meta property=\"og:description\" content=\"Collegium es una experiencia de inmersi\u00f3n de cinco d\u00edas en c\u00f3mo dise\u00f1ar centros universitarios residenciales en los que todos puedan crecer como personas.\" \/>\n<meta property=\"og:url\" content=\"https:\/\/be-come.org\/en\/collegium-madrid-2025\/\" \/>\n<meta property=\"og:site_name\" content=\"Become\" \/>\n<meta property=\"article:published_time\" content=\"2024-11-08T11:30:35+00:00\" \/>\n<meta property=\"article:modified_time\" content=\"2025-10-17T17:02:27+00:00\" \/>\n<meta property=\"og:image\" content=\"https:\/\/be-come.org\/wp-content\/uploads\/2024\/11\/Eventos-Collegium.png\" \/>\n\t<meta property=\"og:image:width\" content=\"800\" \/>\n\t<meta property=\"og:image:height\" content=\"550\" \/>\n\t<meta property=\"og:image:type\" content=\"image\/png\" \/>\n<meta name=\"author\" content=\"Juan Dabdoub\" \/>\n<meta name=\"twitter:card\" content=\"summary_large_image\" \/>\n<meta name=\"twitter:label1\" content=\"Written by\" \/>\n\t<meta name=\"twitter:data1\" content=\"Juan Dabdoub\" \/>\n\t<meta name=\"twitter:label2\" content=\"Est. reading time\" \/>\n\t<meta name=\"twitter:data2\" content=\"7 minutes\" \/>\n<script type=\"application\/ld+json\" class=\"yoast-schema-graph\">{\"@context\":\"https:\/\/schema.org\",\"@graph\":[{\"@type\":\"Article\",\"@id\":\"https:\/\/be-come.org\/collegium-madrid-2025\/#article\",\"isPartOf\":{\"@id\":\"https:\/\/be-come.org\/collegium-madrid-2025\/\"},\"author\":{\"name\":\"Juan Dabdoub\",\"@id\":\"https:\/\/be-come.org\/en\/#\/schema\/person\/ec79bcf25c2140ce598e27288f9b59e7\"},\"headline\":\"Programa Collegium Madrid 2025\",\"datePublished\":\"2024-11-08T11:30:35+00:00\",\"dateModified\":\"2025-10-17T17:02:27+00:00\",\"mainEntityOfPage\":{\"@id\":\"https:\/\/be-come.org\/collegium-madrid-2025\/\"},\"wordCount\":958,\"commentCount\":0,\"publisher\":{\"@id\":\"https:\/\/be-come.org\/en\/#organization\"},\"image\":{\"@id\":\"https:\/\/be-come.org\/collegium-madrid-2025\/#primaryimage\"},\"thumbnailUrl\":\"https:\/\/be-come.org\/wp-content\/uploads\/2024\/11\/Eventos-Collegium.png\",\"articleSection\":[\"Blog\"],\"inLanguage\":\"en-US\",\"potentialAction\":[{\"@type\":\"CommentAction\",\"name\":\"Comment\",\"target\":[\"https:\/\/be-come.org\/collegium-madrid-2025\/#respond\"]}]},{\"@type\":\"WebPage\",\"@id\":\"https:\/\/be-come.org\/collegium-madrid-2025\/\",\"url\":\"https:\/\/be-come.org\/collegium-madrid-2025\/\",\"name\":\"Programa Collegium Madrid 2025 - Become\",\"isPartOf\":{\"@id\":\"https:\/\/be-come.org\/en\/#website\"},\"primaryImageOfPage\":{\"@id\":\"https:\/\/be-come.org\/collegium-madrid-2025\/#primaryimage\"},\"image\":{\"@id\":\"https:\/\/be-come.org\/collegium-madrid-2025\/#primaryimage\"},\"thumbnailUrl\":\"https:\/\/be-come.org\/wp-content\/uploads\/2024\/11\/Eventos-Collegium.png\",\"datePublished\":\"2024-11-08T11:30:35+00:00\",\"dateModified\":\"2025-10-17T17:02:27+00:00\",\"breadcrumb\":{\"@id\":\"https:\/\/be-come.org\/collegium-madrid-2025\/#breadcrumb\"},\"inLanguage\":\"en-US\",\"potentialAction\":[{\"@type\":\"ReadAction\",\"target\":[\"https:\/\/be-come.org\/collegium-madrid-2025\/\"]}]},{\"@type\":\"ImageObject\",\"inLanguage\":\"en-US\",\"@id\":\"https:\/\/be-come.org\/collegium-madrid-2025\/#primaryimage\",\"url\":\"https:\/\/be-come.org\/wp-content\/uploads\/2024\/11\/Eventos-Collegium.png\",\"contentUrl\":\"https:\/\/be-come.org\/wp-content\/uploads\/2024\/11\/Eventos-Collegium.png\",\"width\":800,\"height\":550},{\"@type\":\"BreadcrumbList\",\"@id\":\"https:\/\/be-come.org\/collegium-madrid-2025\/#breadcrumb\",\"itemListElement\":[{\"@type\":\"ListItem\",\"position\":1,\"name\":\"Portada\",\"item\":\"https:\/\/be-come.org\/\"},{\"@type\":\"ListItem\",\"position\":2,\"name\":\"Programa Collegium Madrid 2025\"}]},{\"@type\":\"WebSite\",\"@id\":\"https:\/\/be-come.org\/en\/#website\",\"url\":\"https:\/\/be-come.org\/en\/\",\"name\":\"Become\",\"description\":\"\",\"publisher\":{\"@id\":\"https:\/\/be-come.org\/en\/#organization\"},\"potentialAction\":[{\"@type\":\"SearchAction\",\"target\":{\"@type\":\"EntryPoint\",\"urlTemplate\":\"https:\/\/be-come.org\/en\/?s={search_term_string}\"},\"query-input\":{\"@type\":\"PropertyValueSpecification\",\"valueRequired\":true,\"valueName\":\"search_term_string\"}}],\"inLanguage\":\"en-US\"},{\"@type\":\"Organization\",\"@id\":\"https:\/\/be-come.org\/en\/#organization\",\"name\":\"Become\",\"url\":\"https:\/\/be-come.org\/en\/\",\"logo\":{\"@type\":\"ImageObject\",\"inLanguage\":\"en-US\",\"@id\":\"https:\/\/be-come.org\/en\/#\/schema\/logo\/image\/\",\"url\":\"https:\/\/be-come.org\/wp-content\/uploads\/2024\/05\/bcomlogo.svg\",\"contentUrl\":\"https:\/\/be-come.org\/wp-content\/uploads\/2024\/05\/bcomlogo.svg\",\"caption\":\"Become\"},\"image\":{\"@id\":\"https:\/\/be-come.org\/en\/#\/schema\/logo\/image\/\"}},{\"@type\":\"Person\",\"@id\":\"https:\/\/be-come.org\/en\/#\/schema\/person\/ec79bcf25c2140ce598e27288f9b59e7\",\"name\":\"Juan Dabdoub\",\"image\":{\"@type\":\"ImageObject\",\"inLanguage\":\"en-US\",\"@id\":\"https:\/\/be-come.org\/en\/#\/schema\/person\/image\/\",\"url\":\"https:\/\/secure.gravatar.com\/avatar\/5f2483e1d99e8686266a085afcefdba113a21f426b5e2e966b78c165821991f1?s=96&d=mm&r=g\",\"contentUrl\":\"https:\/\/secure.gravatar.com\/avatar\/5f2483e1d99e8686266a085afcefdba113a21f426b5e2e966b78c165821991f1?s=96&d=mm&r=g\",\"caption\":\"Juan Dabdoub\"},\"url\":\"https:\/\/be-come.org\/en\/author\/jp\/\"}]}<\/script>\n<!-- \/ Yoast SEO plugin. -->","yoast_head_json":{"title":"Programa Collegium Madrid 2025 - Become","robots":{"index":"index","follow":"follow","max-snippet":"max-snippet:-1","max-image-preview":"max-image-preview:large","max-video-preview":"max-video-preview:-1"},"canonical":"https:\/\/be-come.org\/en\/collegium-madrid-2025\/","og_locale":"en_US","og_type":"article","og_title":"Programa Collegium Madrid 2025 - Become","og_description":"Collegium es una experiencia de inmersi\u00f3n de cinco d\u00edas en c\u00f3mo dise\u00f1ar centros universitarios residenciales en los que todos puedan crecer como personas.","og_url":"https:\/\/be-come.org\/en\/collegium-madrid-2025\/","og_site_name":"Become","article_published_time":"2024-11-08T11:30:35+00:00","article_modified_time":"2025-10-17T17:02:27+00:00","og_image":[{"width":800,"height":550,"url":"https:\/\/be-come.org\/wp-content\/uploads\/2024\/11\/Eventos-Collegium.png","type":"image\/png"}],"author":"Juan Dabdoub","twitter_card":"summary_large_image","twitter_misc":{"Written by":"Juan Dabdoub","Est. reading time":"7 minutes"},"schema":{"@context":"https:\/\/schema.org","@graph":[{"@type":"Article","@id":"https:\/\/be-come.org\/collegium-madrid-2025\/#article","isPartOf":{"@id":"https:\/\/be-come.org\/collegium-madrid-2025\/"},"author":{"name":"Juan Dabdoub","@id":"https:\/\/be-come.org\/en\/#\/schema\/person\/ec79bcf25c2140ce598e27288f9b59e7"},"headline":"Programa Collegium Madrid 2025","datePublished":"2024-11-08T11:30:35+00:00","dateModified":"2025-10-17T17:02:27+00:00","mainEntityOfPage":{"@id":"https:\/\/be-come.org\/collegium-madrid-2025\/"},"wordCount":958,"commentCount":0,"publisher":{"@id":"https:\/\/be-come.org\/en\/#organization"},"image":{"@id":"https:\/\/be-come.org\/collegium-madrid-2025\/#primaryimage"},"thumbnailUrl":"https:\/\/be-come.org\/wp-content\/uploads\/2024\/11\/Eventos-Collegium.png","articleSection":["Blog"],"inLanguage":"en-US","potentialAction":[{"@type":"CommentAction","name":"Comment","target":["https:\/\/be-come.org\/collegium-madrid-2025\/#respond"]}]},{"@type":"WebPage","@id":"https:\/\/be-come.org\/collegium-madrid-2025\/","url":"https:\/\/be-come.org\/collegium-madrid-2025\/","name":"Programa Collegium Madrid 2025 - Become","isPartOf":{"@id":"https:\/\/be-come.org\/en\/#website"},"primaryImageOfPage":{"@id":"https:\/\/be-come.org\/collegium-madrid-2025\/#primaryimage"},"image":{"@id":"https:\/\/be-come.org\/collegium-madrid-2025\/#primaryimage"},"thumbnailUrl":"https:\/\/be-come.org\/wp-content\/uploads\/2024\/11\/Eventos-Collegium.png","datePublished":"2024-11-08T11:30:35+00:00","dateModified":"2025-10-17T17:02:27+00:00","breadcrumb":{"@id":"https:\/\/be-come.org\/collegium-madrid-2025\/#breadcrumb"},"inLanguage":"en-US","potentialAction":[{"@type":"ReadAction","target":["https:\/\/be-come.org\/collegium-madrid-2025\/"]}]},{"@type":"ImageObject","inLanguage":"en-US","@id":"https:\/\/be-come.org\/collegium-madrid-2025\/#primaryimage","url":"https:\/\/be-come.org\/wp-content\/uploads\/2024\/11\/Eventos-Collegium.png","contentUrl":"https:\/\/be-come.org\/wp-content\/uploads\/2024\/11\/Eventos-Collegium.png","width":800,"height":550},{"@type":"BreadcrumbList","@id":"https:\/\/be-come.org\/collegium-madrid-2025\/#breadcrumb","itemListElement":[{"@type":"ListItem","position":1,"name":"Portada","item":"https:\/\/be-come.org\/"},{"@type":"ListItem","position":2,"name":"Programa Collegium Madrid 2025"}]},{"@type":"WebSite","@id":"https:\/\/be-come.org\/en\/#website","url":"https:\/\/be-come.org\/en\/","name":"Become","description":"","publisher":{"@id":"https:\/\/be-come.org\/en\/#organization"},"potentialAction":[{"@type":"SearchAction","target":{"@type":"EntryPoint","urlTemplate":"https:\/\/be-come.org\/en\/?s={search_term_string}"},"query-input":{"@type":"PropertyValueSpecification","valueRequired":true,"valueName":"search_term_string"}}],"inLanguage":"en-US"},{"@type":"Organization","@id":"https:\/\/be-come.org\/en\/#organization","name":"Become","url":"https:\/\/be-come.org\/en\/","logo":{"@type":"ImageObject","inLanguage":"en-US","@id":"https:\/\/be-come.org\/en\/#\/schema\/logo\/image\/","url":"https:\/\/be-come.org\/wp-content\/uploads\/2024\/05\/bcomlogo.svg","contentUrl":"https:\/\/be-come.org\/wp-content\/uploads\/2024\/05\/bcomlogo.svg","caption":"Become"},"image":{"@id":"https:\/\/be-come.org\/en\/#\/schema\/logo\/image\/"}},{"@type":"Person","@id":"https:\/\/be-come.org\/en\/#\/schema\/person\/ec79bcf25c2140ce598e27288f9b59e7","name":"Juan Dabdoub","image":{"@type":"ImageObject","inLanguage":"en-US","@id":"https:\/\/be-come.org\/en\/#\/schema\/person\/image\/","url":"https:\/\/secure.gravatar.com\/avatar\/5f2483e1d99e8686266a085afcefdba113a21f426b5e2e966b78c165821991f1?s=96&d=mm&r=g","contentUrl":"https:\/\/secure.gravatar.com\/avatar\/5f2483e1d99e8686266a085afcefdba113a21f426b5e2e966b78c165821991f1?s=96&d=mm&r=g","caption":"Juan Dabdoub"},"url":"https:\/\/be-come.org\/en\/author\/jp\/"}]}},"uagb_featured_image_src":{"full":["https:\/\/be-come.org\/wp-content\/uploads\/2024\/11\/Eventos-Collegium.png",800,550,false],"thumbnail":["https:\/\/be-come.org\/wp-content\/uploads\/2024\/11\/Eventos-Collegium-150x150.png",150,150,true],"medium":["https:\/\/be-come.org\/wp-content\/uploads\/2024\/11\/Eventos-Collegium-300x206.png",300,206,true],"medium_large":["https:\/\/be-come.org\/wp-content\/uploads\/2024\/11\/Eventos-Collegium-768x528.png",768,528,true],"large":["https:\/\/be-come.org\/wp-content\/uploads\/2024\/11\/Eventos-Collegium.png",800,550,false],"1536x1536":["https:\/\/be-come.org\/wp-content\/uploads\/2024\/11\/Eventos-Collegium.png",800,550,false],"2048x2048":["https:\/\/be-come.org\/wp-content\/uploads\/2024\/11\/Eventos-Collegium.png",800,550,false],"trp-custom-language-flag":["https:\/\/be-come.org\/wp-content\/uploads\/2024\/11\/Eventos-Collegium-18x12.png",18,12,true]},"uagb_author_info":{"display_name":"Juan Dabdoub","author_link":"https:\/\/be-come.org\/en\/author\/jp\/"},"uagb_comment_info":0,"uagb_excerpt":"Collegium es una experiencia de inmersi\u00f3n de cinco d\u00edas en c\u00f3mo dise\u00f1ar centros universitarios residenciales en los que todos puedan crecer como personas.","_links":{"self":[{"href":"https:\/\/be-come.org\/en\/wp-json\/wp\/v2\/posts\/4851","targetHints":{"allow":["GET"]}}],"collection":[{"href":"https:\/\/be-come.org\/en\/wp-json\/wp\/v2\/posts"}],"about":[{"href":"https:\/\/be-come.org\/en\/wp-json\/wp\/v2\/types\/post"}],"author":[{"embeddable":true,"href":"https:\/\/be-come.org\/en\/wp-json\/wp\/v2\/users\/2"}],"replies":[{"embeddable":true,"href":"https:\/\/be-come.org\/en\/wp-json\/wp\/v2\/comments?post=4851"}],"version-history":[{"count":145,"href":"https:\/\/be-come.org\/en\/wp-json\/wp\/v2\/posts\/4851\/revisions"}],"predecessor-version":[{"id":5472,"href":"https:\/\/be-come.org\/en\/wp-json\/wp\/v2\/posts\/4851\/revisions\/5472"}],"wp:featuredmedia":[{"embeddable":true,"href":"https:\/\/be-come.org\/en\/wp-json\/wp\/v2\/media\/4908"}],"wp:attachment":[{"href":"https:\/\/be-come.org\/en\/wp-json\/wp\/v2\/media?parent=4851"}],"wp:term":[{"taxonomy":"category","embeddable":true,"href":"https:\/\/be-come.org\/en\/wp-json\/wp\/v2\/categories?post=4851"},{"taxonomy":"post_tag","embeddable":true,"href":"https:\/\/be-come.org\/en\/wp-json\/wp\/v2\/tags?post=4851"}],"curies":[{"name":"wp","href":"https:\/\/api.w.org\/{rel}","templated":true}]}}