{"id":3793,"date":"2024-03-02T14:52:55","date_gmt":"2024-03-02T14:52:55","guid":{"rendered":"https:\/\/be-come.org\/?p=3793"},"modified":"2025-04-19T13:57:31","modified_gmt":"2025-04-19T13:57:31","slug":"leadership-training-manila","status":"publish","type":"post","link":"https:\/\/be-come.org\/en\/leadership-training-manila\/","title":{"rendered":"Leadership training in Character Education in Manila"},"content":{"rendered":"<div class=\"wp-block-group has-global-padding is-layout-constrained wp-block-group-is-layout-constrained\">\n<h3 class=\"wp-block-heading has-text-align-center\">More than a program, it is a four-day immersion experience in character education.<\/h3>\n\n\n\n<pre class=\"wp-block-verse\"><br>We invite leadership teams to spend a few days together, in a climate of trust, reflecting and dialoguing about what can make their schools places where character development is promoted in a strategic and intentional way.<br><br><\/pre>\n<\/div>\n\n\n\n<div class=\"wp-block-group has-global-padding is-layout-constrained wp-block-group-is-layout-constrained\">\n<div class=\"wp-block-buttons is-content-justification-center is-layout-flex wp-container-core-buttons-is-layout-098cc607 wp-block-buttons-is-layout-flex\">\n<div class=\"wp-block-button\"><a class=\"wp-block-button__link wp-element-button\" href=\"http:\/\/bit.ly\/CharacterPh\"><strong>Sign up! <\/strong><\/a><\/div>\n\n\n\n<div class=\"wp-block-button\"><a class=\"wp-block-button__link wp-element-button\" href=\"http:\/\/bit.ly\/ManilaPRIMED\"><strong>More info<\/strong><\/a><\/div>\n<\/div>\n\n\n<div id=\"ub_divider_87fab685-ec97-411f-b25f-335260db44c2\" class=\"wp-block-ub-divider ub-divider-orientation-horizontal\"><hr class=\"ub_divider\" ><\/hr><\/div><\/div>\n\n\n\n<div class=\"wp-block-group has-global-padding is-layout-constrained wp-block-group-is-layout-constrained\"><div class=\"ub-advanced-video-container wp-block-ub-advanced-video\" id=\"ub-advanced-video-8f92a783-81bb-40d4-8b99-505baa703f45\" ><div class=\"ub-advanced-video-embed ub-advanced-video-autofit-youtube\"><iframe loading=\"lazy\" width=\"1280\" height=\"720\" src=\"\/\/www.youtube.com\/embed\/sKSuAT2ojXw\" frameborder=\"0\" allow=\"accelerometer; autoplay; clipboard-write; encrypted-media; gyroscope; picture-in-picture; web-share\" referrerpolicy=\"strict-origin-when-cross-origin\" allowfullscreen><\/iframe><\/div><\/div><\/div>\n\n\n\n<div class=\"wp-block-group alignfull has-global-padding is-layout-constrained wp-container-core-group-is-layout-d89aad35 wp-block-group-is-layout-constrained\" style=\"margin-top:0;margin-bottom:0;padding-top:var(--wp--preset--spacing--50);padding-right:var(--wp--preset--spacing--50);padding-bottom:var(--wp--preset--spacing--50);padding-left:var(--wp--preset--spacing--50)\">\n<div class=\"wp-block-columns alignwide are-vertically-aligned-center is-layout-flex wp-container-core-columns-is-layout-47c06fe3 wp-block-columns-is-layout-flex\">\n<div class=\"wp-block-column is-vertically-aligned-center is-layout-flow wp-block-column-is-layout-flow\" style=\"flex-basis:50%\">\n<h3 class=\"wp-block-heading\">Knowing the fundamentals of&nbsp;<em>effective character education<\/em><\/h3>\n\n\n\n<pre class=\"wp-block-verse is-style-checkmark-list\">We will use the PRIMED model, developed by Professor Marvin W. Berkowitz, as a guide to introduce attendees to an effective perspective for addressing the transformation of the educational center. Those leading this change need to understand the principles that underpin the practices they will later implement.<\/pre>\n\n\n\n<div class=\"wp-block-buttons is-layout-flex wp-block-buttons-is-layout-flex\"><\/div>\n<\/div>\n\n\n\n<div class=\"wp-block-column is-vertically-aligned-center is-layout-flow wp-block-column-is-layout-flow\" style=\"flex-basis:50%\">\n<figure class=\"wp-block-image size-full is-style-rounded is-style-rounded--1\"><img loading=\"lazy\" decoding=\"async\" width=\"2560\" height=\"1707\" src=\"https:\/\/be-come.org\/wp-content\/uploads\/2024\/07\/Copia-de-_DSC3550-scaled.jpg\" alt=\"\" class=\"wp-image-4031\" style=\"aspect-ratio:4\/3;object-fit:cover\" srcset=\"https:\/\/be-come.org\/wp-content\/uploads\/2024\/07\/Copia-de-_DSC3550-scaled.jpg 2560w, https:\/\/be-come.org\/wp-content\/uploads\/2024\/07\/Copia-de-_DSC3550-300x200.jpg 300w, https:\/\/be-come.org\/wp-content\/uploads\/2024\/07\/Copia-de-_DSC3550-1024x683.jpg 1024w, https:\/\/be-come.org\/wp-content\/uploads\/2024\/07\/Copia-de-_DSC3550-768x512.jpg 768w, https:\/\/be-come.org\/wp-content\/uploads\/2024\/07\/Copia-de-_DSC3550-1536x1024.jpg 1536w, https:\/\/be-come.org\/wp-content\/uploads\/2024\/07\/Copia-de-_DSC3550-2048x1365.jpg 2048w, https:\/\/be-come.org\/wp-content\/uploads\/2024\/07\/Copia-de-_DSC3550-18x12.jpg 18w\" sizes=\"auto, (max-width: 2560px) 100vw, 2560px\" \/><\/figure>\n<\/div>\n<\/div>\n\n\n\n<div class=\"wp-block-columns alignwide are-vertically-aligned-center is-layout-flex wp-container-core-columns-is-layout-47c06fe3 wp-block-columns-is-layout-flex\">\n<div class=\"wp-block-column is-vertically-aligned-center is-layout-flow wp-block-column-is-layout-flow\" style=\"flex-basis:50%\">\n<h3 class=\"wp-block-heading\"><em>Build-up team relationships<\/em>&nbsp;through experiential learning<\/h3>\n\n\n\n<pre class=\"wp-block-verse is-style-checkmark-list\">Implementing a change of this magnitude, which directly affects the culture of the community, requires a united team eager to take on this ambitious challenge. During the Institute, attendees will have the opportunity to bond with their fellow team members, share many hours of conversation and enjoy a good time together.<\/pre>\n\n\n\n<div class=\"wp-block-buttons is-layout-flex wp-block-buttons-is-layout-flex\"><\/div>\n<\/div>\n\n\n\n<div class=\"wp-block-column is-vertically-aligned-center is-layout-flow wp-block-column-is-layout-flow\" style=\"flex-basis:50%\">\n<figure class=\"wp-block-image size-full is-style-rounded is-style-rounded--2\"><img loading=\"lazy\" decoding=\"async\" width=\"1940\" height=\"1296\" src=\"https:\/\/be-come.org\/wp-content\/uploads\/2024\/08\/Screenshot-2024-08-23-at-11.37.54-PM.png\" alt=\"En libertad\" class=\"wp-image-4700\" style=\"aspect-ratio:4\/3;object-fit:cover\" srcset=\"https:\/\/be-come.org\/wp-content\/uploads\/2024\/08\/Screenshot-2024-08-23-at-11.37.54-PM.png 1940w, https:\/\/be-come.org\/wp-content\/uploads\/2024\/08\/Screenshot-2024-08-23-at-11.37.54-PM-300x200.png 300w, https:\/\/be-come.org\/wp-content\/uploads\/2024\/08\/Screenshot-2024-08-23-at-11.37.54-PM-1024x684.png 1024w, https:\/\/be-come.org\/wp-content\/uploads\/2024\/08\/Screenshot-2024-08-23-at-11.37.54-PM-768x513.png 768w, https:\/\/be-come.org\/wp-content\/uploads\/2024\/08\/Screenshot-2024-08-23-at-11.37.54-PM-1536x1026.png 1536w, https:\/\/be-come.org\/wp-content\/uploads\/2024\/08\/Screenshot-2024-08-23-at-11.37.54-PM-18x12.png 18w\" sizes=\"auto, (max-width: 1940px) 100vw, 1940px\" \/><\/figure>\n<\/div>\n<\/div>\n\n\n\n<div class=\"wp-block-columns alignwide are-vertically-aligned-center is-layout-flex wp-container-core-columns-is-layout-47c06fe3 wp-block-columns-is-layout-flex\">\n<div class=\"wp-block-column is-vertically-aligned-center is-layout-flow wp-block-column-is-layout-flow\" style=\"flex-basis:50%\">\n<h3 class=\"wp-block-heading\"><em>Develop an action plan&nbsp;<\/em>for the next academic year<\/h3>\n\n\n\n<pre class=\"wp-block-verse is-style-checkmark-list\">With the knowledge gained from the PRIMED model, attendees are invited to make an action plan for the next academic year. This kind of transformation requires several years of work. The plan developed as a result of these days can serve to open the way and introduce the perspective of character education in their communities. Participants will be mentored by the PRIMED facilitators.<\/pre>\n\n\n\n<div class=\"wp-block-buttons is-layout-flex wp-block-buttons-is-layout-flex\"><\/div>\n<\/div>\n\n\n\n<div class=\"wp-block-column is-vertically-aligned-center is-layout-flow wp-block-column-is-layout-flow\" style=\"flex-basis:50%\">\n<figure class=\"wp-block-image size-full is-style-rounded is-style-rounded--3\"><img loading=\"lazy\" decoding=\"async\" width=\"2560\" height=\"1593\" src=\"https:\/\/be-come.org\/wp-content\/uploads\/2024\/08\/Untitled-copy-scaled.jpeg\" alt=\"\" class=\"wp-image-4444\" style=\"aspect-ratio:4\/3;object-fit:cover\" srcset=\"https:\/\/be-come.org\/wp-content\/uploads\/2024\/08\/Untitled-copy-scaled.jpeg 2560w, https:\/\/be-come.org\/wp-content\/uploads\/2024\/08\/Untitled-copy-300x187.jpeg 300w, https:\/\/be-come.org\/wp-content\/uploads\/2024\/08\/Untitled-copy-1024x637.jpeg 1024w, https:\/\/be-come.org\/wp-content\/uploads\/2024\/08\/Untitled-copy-768x478.jpeg 768w, https:\/\/be-come.org\/wp-content\/uploads\/2024\/08\/Untitled-copy-1536x956.jpeg 1536w, https:\/\/be-come.org\/wp-content\/uploads\/2024\/08\/Untitled-copy-2048x1274.jpeg 2048w, https:\/\/be-come.org\/wp-content\/uploads\/2024\/08\/Untitled-copy-18x12.jpeg 18w\" sizes=\"auto, (max-width: 2560px) 100vw, 2560px\" \/><\/figure>\n<\/div>\n<\/div>\n<\/div>\n\n\n\n<figure class=\"wp-block-gallery has-nested-images columns-default is-cropped wp-block-gallery-4 is-layout-flex wp-block-gallery-is-layout-flex\">\n<figure class=\"wp-block-image size-large\"><img loading=\"lazy\" decoding=\"async\" width=\"1024\" height=\"683\" data-id=\"4449\" src=\"https:\/\/be-come.org\/wp-content\/uploads\/2024\/08\/DSC4709-1024x683.jpg\" alt=\"\" class=\"wp-image-4449\" srcset=\"https:\/\/be-come.org\/wp-content\/uploads\/2024\/08\/DSC4709-1024x683.jpg 1024w, https:\/\/be-come.org\/wp-content\/uploads\/2024\/08\/DSC4709-300x200.jpg 300w, https:\/\/be-come.org\/wp-content\/uploads\/2024\/08\/DSC4709-768x512.jpg 768w, https:\/\/be-come.org\/wp-content\/uploads\/2024\/08\/DSC4709-1536x1024.jpg 1536w, https:\/\/be-come.org\/wp-content\/uploads\/2024\/08\/DSC4709-2048x1365.jpg 2048w, https:\/\/be-come.org\/wp-content\/uploads\/2024\/08\/DSC4709-18x12.jpg 18w\" sizes=\"auto, (max-width: 1024px) 100vw, 1024px\" \/><\/figure>\n<\/figure>\n\n\n\n<div class=\"wp-block-uagb-advanced-heading uagb-block-9830cab0\"><h2 class=\"uagb-heading-text\">Audience<\/h2><\/div>\n\n\n\n<pre class=\"wp-block-verse\">The PRIMED Institute is for leadership teams of educational centers. It is recommended that principals or directors attend with their leadership team. However, it is also possible for teams to attend, even if their leader is missing.<\/pre>\n\n\n\n<div class=\"wp-block-uagb-advanced-heading uagb-block-1a6f8226\"><h2 class=\"uagb-heading-text\">Certification<\/h2><\/div>\n\n\n\n<pre class=\"wp-block-verse\">Those who complete the program can receive certification from Become, the Center for Character and Citizenship at the University of Missouri-St. Louis, and the Group Education, Citizenship and Character at the University of Navarra.<\/pre>\n\n\n\n<div class=\"wp-block-group has-global-padding is-layout-constrained wp-block-group-is-layout-constrained\">\n<div class=\"wp-block-group is-nowrap is-layout-flex wp-container-core-group-is-layout-6c531013 wp-block-group-is-layout-flex\">\n<div class=\"wp-block-columns is-layout-flex wp-container-core-columns-is-layout-28f84493 wp-block-columns-is-layout-flex\">\n<div class=\"wp-block-column is-layout-flow wp-block-column-is-layout-flow\" style=\"flex-basis:100%\">\n<div class=\"wp-block-group is-nowrap is-layout-flex wp-container-core-group-is-layout-6c531013 wp-block-group-is-layout-flex\">\n<div class=\"wp-block-columns is-layout-flex wp-container-core-columns-is-layout-28f84493 wp-block-columns-is-layout-flex\">\n<div class=\"wp-block-column is-layout-flow wp-block-column-is-layout-flow\" style=\"flex-basis:100%\">\n<div class=\"wp-block-columns is-layout-flex wp-container-core-columns-is-layout-28f84493 wp-block-columns-is-layout-flex\">\n<div class=\"wp-block-column is-layout-flow wp-block-column-is-layout-flow\" style=\"flex-basis:100%\">\n<figure class=\"wp-block-gallery has-nested-images columns-default is-cropped wp-block-gallery-5 is-layout-flex wp-block-gallery-is-layout-flex\">\n<figure class=\"wp-block-image size-large is-style-default\"><img loading=\"lazy\" decoding=\"async\" width=\"1024\" height=\"240\" data-id=\"4911\" src=\"https:\/\/be-come.org\/wp-content\/uploads\/2024\/11\/UNAV-GrupoEducacionCiudadaniayCaracter_Color-1-1024x240.png\" alt=\"\" class=\"wp-image-4911\" srcset=\"https:\/\/be-come.org\/wp-content\/uploads\/2024\/11\/UNAV-GrupoEducacionCiudadaniayCaracter_Color-1-1024x240.png 1024w, https:\/\/be-come.org\/wp-content\/uploads\/2024\/11\/UNAV-GrupoEducacionCiudadaniayCaracter_Color-1-300x70.png 300w, https:\/\/be-come.org\/wp-content\/uploads\/2024\/11\/UNAV-GrupoEducacionCiudadaniayCaracter_Color-1-768x180.png 768w, https:\/\/be-come.org\/wp-content\/uploads\/2024\/11\/UNAV-GrupoEducacionCiudadaniayCaracter_Color-1-1536x359.png 1536w, https:\/\/be-come.org\/wp-content\/uploads\/2024\/11\/UNAV-GrupoEducacionCiudadaniayCaracter_Color-1-2048x479.png 2048w, https:\/\/be-come.org\/wp-content\/uploads\/2024\/11\/UNAV-GrupoEducacionCiudadaniayCaracter_Color-1-18x4.png 18w\" sizes=\"auto, (max-width: 1024px) 100vw, 1024px\" \/><\/figure>\n<\/figure>\n<\/div>\n<\/div>\n<\/div>\n<\/div>\n<\/div>\n<\/div>\n<\/div>\n\n\n\n<figure class=\"wp-block-image size-large\"><img loading=\"lazy\" decoding=\"async\" width=\"1024\" height=\"342\" src=\"https:\/\/be-come.org\/wp-content\/uploads\/2024\/11\/ccclogo-1024x342.png\" alt=\"\" class=\"wp-image-4909\" srcset=\"https:\/\/be-come.org\/wp-content\/uploads\/2024\/11\/ccclogo-1024x342.png 1024w, https:\/\/be-come.org\/wp-content\/uploads\/2024\/11\/ccclogo-300x100.png 300w, https:\/\/be-come.org\/wp-content\/uploads\/2024\/11\/ccclogo-768x256.png 768w, https:\/\/be-come.org\/wp-content\/uploads\/2024\/11\/ccclogo-1536x512.png 1536w, https:\/\/be-come.org\/wp-content\/uploads\/2024\/11\/ccclogo-2048x683.png 2048w, https:\/\/be-come.org\/wp-content\/uploads\/2024\/11\/ccclogo-18x6.png 18w\" sizes=\"auto, (max-width: 1024px) 100vw, 1024px\" \/><\/figure>\n<\/div>\n<\/div>\n\n\n\n<p><\/p>","protected":false},"excerpt":{"rendered":"<p>M\u00e1s que un programa, se trata de una experiencia de inmersi\u00f3n de cuatro d\u00edas en la educaci\u00f3n del car\u00e1cter. Invitamos a equipos directivos a pasar unos d\u00edas juntos, en un clima de confianza, reflexionando y dialogando acerca de qu\u00e9 puede hacer de sus centros educativos lugares donde se promueva el desarrollo del car\u00e1cter de un [&hellip;]<\/p>","protected":false},"author":1,"featured_media":5256,"comment_status":"open","ping_status":"open","sticky":false,"template":"wp-custom-template-events-template","format":"standard","meta":{"_acf_changed":false,"_uag_custom_page_level_css":"","ub_ctt_via":"","footnotes":""},"categories":[1],"tags":[],"class_list":["post-3793","post","type-post","status-publish","format-standard","has-post-thumbnail","hentry","category-blog"],"acf":[],"featured_image_src":"https:\/\/be-come.org\/wp-content\/uploads\/2024\/03\/abu-dhabi-1.png","author_info":{"display_name":"be-come.org","author_link":"https:\/\/be-come.org\/en\/author\/lightsalmon-termite-243444-hostingersite-com\/"},"yoast_head":"<!-- This site is optimized with the Yoast SEO plugin v26.4 - https:\/\/yoast.com\/wordpress\/plugins\/seo\/ -->\n<title>Liderazgo en educaci\u00f3n del car\u00e1cter | Manila - Become<\/title>\n<meta name=\"robots\" content=\"index, follow, max-snippet:-1, max-image-preview:large, max-video-preview:-1\" \/>\n<link rel=\"canonical\" href=\"https:\/\/be-come.org\/en\/leadership-training-manila\/\" \/>\n<meta property=\"og:locale\" content=\"en_US\" \/>\n<meta property=\"og:type\" content=\"article\" \/>\n<meta property=\"og:title\" content=\"Liderazgo en educaci\u00f3n del car\u00e1cter | Manila - Become\" \/>\n<meta property=\"og:description\" content=\"M\u00e1s que un programa, se trata de una experiencia de inmersi\u00f3n de cuatro d\u00edas en la educaci\u00f3n del car\u00e1cter. Invitamos a equipos directivos a pasar unos d\u00edas juntos, en un clima de confianza, reflexionando y dialogando acerca de qu\u00e9 puede hacer de sus centros educativos lugares donde se promueva el desarrollo del car\u00e1cter de un [&hellip;]\" \/>\n<meta property=\"og:url\" content=\"https:\/\/be-come.org\/en\/leadership-training-manila\/\" \/>\n<meta property=\"og:site_name\" content=\"Become\" \/>\n<meta property=\"article:published_time\" content=\"2024-03-02T14:52:55+00:00\" \/>\n<meta property=\"article:modified_time\" content=\"2025-04-19T13:57:31+00:00\" \/>\n<meta property=\"og:image\" content=\"https:\/\/be-come.org\/wp-content\/uploads\/2024\/03\/abu-dhabi-1.png\" \/>\n\t<meta property=\"og:image:width\" content=\"1300\" \/>\n\t<meta property=\"og:image:height\" content=\"894\" \/>\n\t<meta property=\"og:image:type\" content=\"image\/png\" \/>\n<meta name=\"author\" content=\"be-come.org\" \/>\n<meta name=\"twitter:card\" content=\"summary_large_image\" \/>\n<meta name=\"twitter:label1\" content=\"Written by\" \/>\n\t<meta name=\"twitter:data1\" content=\"be-come.org\" \/>\n\t<meta name=\"twitter:label2\" content=\"Est. reading time\" \/>\n\t<meta name=\"twitter:data2\" content=\"2 minutes\" \/>\n<script type=\"application\/ld+json\" class=\"yoast-schema-graph\">{\"@context\":\"https:\/\/schema.org\",\"@graph\":[{\"@type\":\"Article\",\"@id\":\"https:\/\/be-come.org\/leadership-training-manila\/#article\",\"isPartOf\":{\"@id\":\"https:\/\/be-come.org\/leadership-training-manila\/\"},\"author\":{\"name\":\"be-come.org\",\"@id\":\"https:\/\/be-come.org\/en\/#\/schema\/person\/dd1d7a523a9f3f272400e58df94620db\"},\"headline\":\"Liderazgo en educaci\u00f3n del car\u00e1cter | Manila\",\"datePublished\":\"2024-03-02T14:52:55+00:00\",\"dateModified\":\"2025-04-19T13:57:31+00:00\",\"mainEntityOfPage\":{\"@id\":\"https:\/\/be-come.org\/leadership-training-manila\/\"},\"wordCount\":81,\"commentCount\":0,\"publisher\":{\"@id\":\"https:\/\/be-come.org\/en\/#organization\"},\"image\":{\"@id\":\"https:\/\/be-come.org\/leadership-training-manila\/#primaryimage\"},\"thumbnailUrl\":\"https:\/\/be-come.org\/wp-content\/uploads\/2024\/03\/abu-dhabi-1.png\",\"articleSection\":[\"Blog\"],\"inLanguage\":\"en-US\",\"potentialAction\":[{\"@type\":\"CommentAction\",\"name\":\"Comment\",\"target\":[\"https:\/\/be-come.org\/leadership-training-manila\/#respond\"]}]},{\"@type\":\"WebPage\",\"@id\":\"https:\/\/be-come.org\/leadership-training-manila\/\",\"url\":\"https:\/\/be-come.org\/leadership-training-manila\/\",\"name\":\"Liderazgo en educaci\u00f3n del car\u00e1cter | Manila - Become\",\"isPartOf\":{\"@id\":\"https:\/\/be-come.org\/en\/#website\"},\"primaryImageOfPage\":{\"@id\":\"https:\/\/be-come.org\/leadership-training-manila\/#primaryimage\"},\"image\":{\"@id\":\"https:\/\/be-come.org\/leadership-training-manila\/#primaryimage\"},\"thumbnailUrl\":\"https:\/\/be-come.org\/wp-content\/uploads\/2024\/03\/abu-dhabi-1.png\",\"datePublished\":\"2024-03-02T14:52:55+00:00\",\"dateModified\":\"2025-04-19T13:57:31+00:00\",\"breadcrumb\":{\"@id\":\"https:\/\/be-come.org\/leadership-training-manila\/#breadcrumb\"},\"inLanguage\":\"en-US\",\"potentialAction\":[{\"@type\":\"ReadAction\",\"target\":[\"https:\/\/be-come.org\/leadership-training-manila\/\"]}]},{\"@type\":\"ImageObject\",\"inLanguage\":\"en-US\",\"@id\":\"https:\/\/be-come.org\/leadership-training-manila\/#primaryimage\",\"url\":\"https:\/\/be-come.org\/wp-content\/uploads\/2024\/03\/abu-dhabi-1.png\",\"contentUrl\":\"https:\/\/be-come.org\/wp-content\/uploads\/2024\/03\/abu-dhabi-1.png\",\"width\":1300,\"height\":894},{\"@type\":\"BreadcrumbList\",\"@id\":\"https:\/\/be-come.org\/leadership-training-manila\/#breadcrumb\",\"itemListElement\":[{\"@type\":\"ListItem\",\"position\":1,\"name\":\"Portada\",\"item\":\"https:\/\/be-come.org\/\"},{\"@type\":\"ListItem\",\"position\":2,\"name\":\"Liderazgo en educaci\u00f3n del car\u00e1cter | Manila\"}]},{\"@type\":\"WebSite\",\"@id\":\"https:\/\/be-come.org\/en\/#website\",\"url\":\"https:\/\/be-come.org\/en\/\",\"name\":\"Become\",\"description\":\"\",\"publisher\":{\"@id\":\"https:\/\/be-come.org\/en\/#organization\"},\"potentialAction\":[{\"@type\":\"SearchAction\",\"target\":{\"@type\":\"EntryPoint\",\"urlTemplate\":\"https:\/\/be-come.org\/en\/?s={search_term_string}\"},\"query-input\":{\"@type\":\"PropertyValueSpecification\",\"valueRequired\":true,\"valueName\":\"search_term_string\"}}],\"inLanguage\":\"en-US\"},{\"@type\":\"Organization\",\"@id\":\"https:\/\/be-come.org\/en\/#organization\",\"name\":\"Become\",\"url\":\"https:\/\/be-come.org\/en\/\",\"logo\":{\"@type\":\"ImageObject\",\"inLanguage\":\"en-US\",\"@id\":\"https:\/\/be-come.org\/en\/#\/schema\/logo\/image\/\",\"url\":\"https:\/\/be-come.org\/wp-content\/uploads\/2024\/05\/bcomlogo.svg\",\"contentUrl\":\"https:\/\/be-come.org\/wp-content\/uploads\/2024\/05\/bcomlogo.svg\",\"caption\":\"Become\"},\"image\":{\"@id\":\"https:\/\/be-come.org\/en\/#\/schema\/logo\/image\/\"}},{\"@type\":\"Person\",\"@id\":\"https:\/\/be-come.org\/en\/#\/schema\/person\/dd1d7a523a9f3f272400e58df94620db\",\"name\":\"be-come.org\",\"image\":{\"@type\":\"ImageObject\",\"inLanguage\":\"en-US\",\"@id\":\"https:\/\/be-come.org\/en\/#\/schema\/person\/image\/\",\"url\":\"https:\/\/secure.gravatar.com\/avatar\/783fd8b0aaa0b8aac079c909f71ff7931c9f596aed5b2fec79be51e14c637379?s=96&d=mm&r=g\",\"contentUrl\":\"https:\/\/secure.gravatar.com\/avatar\/783fd8b0aaa0b8aac079c909f71ff7931c9f596aed5b2fec79be51e14c637379?s=96&d=mm&r=g\",\"caption\":\"be-come.org\"},\"sameAs\":[\"https:\/\/be-come.org\"],\"url\":\"https:\/\/be-come.org\/en\/author\/lightsalmon-termite-243444-hostingersite-com\/\"}]}<\/script>\n<!-- \/ Yoast SEO plugin. -->","yoast_head_json":{"title":"Liderazgo en educaci\u00f3n del car\u00e1cter | Manila - Become","robots":{"index":"index","follow":"follow","max-snippet":"max-snippet:-1","max-image-preview":"max-image-preview:large","max-video-preview":"max-video-preview:-1"},"canonical":"https:\/\/be-come.org\/en\/leadership-training-manila\/","og_locale":"en_US","og_type":"article","og_title":"Liderazgo en educaci\u00f3n del car\u00e1cter | Manila - Become","og_description":"M\u00e1s que un programa, se trata de una experiencia de inmersi\u00f3n de cuatro d\u00edas en la educaci\u00f3n del car\u00e1cter. Invitamos a equipos directivos a pasar unos d\u00edas juntos, en un clima de confianza, reflexionando y dialogando acerca de qu\u00e9 puede hacer de sus centros educativos lugares donde se promueva el desarrollo del car\u00e1cter de un [&hellip;]","og_url":"https:\/\/be-come.org\/en\/leadership-training-manila\/","og_site_name":"Become","article_published_time":"2024-03-02T14:52:55+00:00","article_modified_time":"2025-04-19T13:57:31+00:00","og_image":[{"width":1300,"height":894,"url":"https:\/\/be-come.org\/wp-content\/uploads\/2024\/03\/abu-dhabi-1.png","type":"image\/png"}],"author":"be-come.org","twitter_card":"summary_large_image","twitter_misc":{"Written by":"be-come.org","Est. reading time":"2 minutes"},"schema":{"@context":"https:\/\/schema.org","@graph":[{"@type":"Article","@id":"https:\/\/be-come.org\/leadership-training-manila\/#article","isPartOf":{"@id":"https:\/\/be-come.org\/leadership-training-manila\/"},"author":{"name":"be-come.org","@id":"https:\/\/be-come.org\/en\/#\/schema\/person\/dd1d7a523a9f3f272400e58df94620db"},"headline":"Liderazgo en educaci\u00f3n del car\u00e1cter | Manila","datePublished":"2024-03-02T14:52:55+00:00","dateModified":"2025-04-19T13:57:31+00:00","mainEntityOfPage":{"@id":"https:\/\/be-come.org\/leadership-training-manila\/"},"wordCount":81,"commentCount":0,"publisher":{"@id":"https:\/\/be-come.org\/en\/#organization"},"image":{"@id":"https:\/\/be-come.org\/leadership-training-manila\/#primaryimage"},"thumbnailUrl":"https:\/\/be-come.org\/wp-content\/uploads\/2024\/03\/abu-dhabi-1.png","articleSection":["Blog"],"inLanguage":"en-US","potentialAction":[{"@type":"CommentAction","name":"Comment","target":["https:\/\/be-come.org\/leadership-training-manila\/#respond"]}]},{"@type":"WebPage","@id":"https:\/\/be-come.org\/leadership-training-manila\/","url":"https:\/\/be-come.org\/leadership-training-manila\/","name":"Liderazgo en educaci\u00f3n del car\u00e1cter | Manila - Become","isPartOf":{"@id":"https:\/\/be-come.org\/en\/#website"},"primaryImageOfPage":{"@id":"https:\/\/be-come.org\/leadership-training-manila\/#primaryimage"},"image":{"@id":"https:\/\/be-come.org\/leadership-training-manila\/#primaryimage"},"thumbnailUrl":"https:\/\/be-come.org\/wp-content\/uploads\/2024\/03\/abu-dhabi-1.png","datePublished":"2024-03-02T14:52:55+00:00","dateModified":"2025-04-19T13:57:31+00:00","breadcrumb":{"@id":"https:\/\/be-come.org\/leadership-training-manila\/#breadcrumb"},"inLanguage":"en-US","potentialAction":[{"@type":"ReadAction","target":["https:\/\/be-come.org\/leadership-training-manila\/"]}]},{"@type":"ImageObject","inLanguage":"en-US","@id":"https:\/\/be-come.org\/leadership-training-manila\/#primaryimage","url":"https:\/\/be-come.org\/wp-content\/uploads\/2024\/03\/abu-dhabi-1.png","contentUrl":"https:\/\/be-come.org\/wp-content\/uploads\/2024\/03\/abu-dhabi-1.png","width":1300,"height":894},{"@type":"BreadcrumbList","@id":"https:\/\/be-come.org\/leadership-training-manila\/#breadcrumb","itemListElement":[{"@type":"ListItem","position":1,"name":"Portada","item":"https:\/\/be-come.org\/"},{"@type":"ListItem","position":2,"name":"Liderazgo en educaci\u00f3n del car\u00e1cter | Manila"}]},{"@type":"WebSite","@id":"https:\/\/be-come.org\/en\/#website","url":"https:\/\/be-come.org\/en\/","name":"Become","description":"","publisher":{"@id":"https:\/\/be-come.org\/en\/#organization"},"potentialAction":[{"@type":"SearchAction","target":{"@type":"EntryPoint","urlTemplate":"https:\/\/be-come.org\/en\/?s={search_term_string}"},"query-input":{"@type":"PropertyValueSpecification","valueRequired":true,"valueName":"search_term_string"}}],"inLanguage":"en-US"},{"@type":"Organization","@id":"https:\/\/be-come.org\/en\/#organization","name":"Become","url":"https:\/\/be-come.org\/en\/","logo":{"@type":"ImageObject","inLanguage":"en-US","@id":"https:\/\/be-come.org\/en\/#\/schema\/logo\/image\/","url":"https:\/\/be-come.org\/wp-content\/uploads\/2024\/05\/bcomlogo.svg","contentUrl":"https:\/\/be-come.org\/wp-content\/uploads\/2024\/05\/bcomlogo.svg","caption":"Become"},"image":{"@id":"https:\/\/be-come.org\/en\/#\/schema\/logo\/image\/"}},{"@type":"Person","@id":"https:\/\/be-come.org\/en\/#\/schema\/person\/dd1d7a523a9f3f272400e58df94620db","name":"be-come.org","image":{"@type":"ImageObject","inLanguage":"en-US","@id":"https:\/\/be-come.org\/en\/#\/schema\/person\/image\/","url":"https:\/\/secure.gravatar.com\/avatar\/783fd8b0aaa0b8aac079c909f71ff7931c9f596aed5b2fec79be51e14c637379?s=96&d=mm&r=g","contentUrl":"https:\/\/secure.gravatar.com\/avatar\/783fd8b0aaa0b8aac079c909f71ff7931c9f596aed5b2fec79be51e14c637379?s=96&d=mm&r=g","caption":"be-come.org"},"sameAs":["https:\/\/be-come.org"],"url":"https:\/\/be-come.org\/en\/author\/lightsalmon-termite-243444-hostingersite-com\/"}]}},"uagb_featured_image_src":{"full":["https:\/\/be-come.org\/wp-content\/uploads\/2024\/03\/abu-dhabi-1.png",1300,894,false],"thumbnail":["https:\/\/be-come.org\/wp-content\/uploads\/2024\/03\/abu-dhabi-1-150x150.png",150,150,true],"medium":["https:\/\/be-come.org\/wp-content\/uploads\/2024\/03\/abu-dhabi-1-300x206.png",300,206,true],"medium_large":["https:\/\/be-come.org\/wp-content\/uploads\/2024\/03\/abu-dhabi-1-768x528.png",768,528,true],"large":["https:\/\/be-come.org\/wp-content\/uploads\/2024\/03\/abu-dhabi-1-1024x704.png",1024,704,true],"1536x1536":["https:\/\/be-come.org\/wp-content\/uploads\/2024\/03\/abu-dhabi-1.png",1300,894,false],"2048x2048":["https:\/\/be-come.org\/wp-content\/uploads\/2024\/03\/abu-dhabi-1.png",1300,894,false],"trp-custom-language-flag":["https:\/\/be-come.org\/wp-content\/uploads\/2024\/03\/abu-dhabi-1-18x12.png",18,12,true]},"uagb_author_info":{"display_name":"be-come.org","author_link":"https:\/\/be-come.org\/en\/author\/lightsalmon-termite-243444-hostingersite-com\/"},"uagb_comment_info":0,"uagb_excerpt":"M\u00e1s que un programa, se trata de una experiencia de inmersi\u00f3n de cuatro d\u00edas en la educaci\u00f3n del car\u00e1cter. Invitamos a equipos directivos a pasar unos d\u00edas juntos, en un clima de confianza, reflexionando y dialogando acerca de qu\u00e9 puede hacer de sus centros educativos lugares donde se promueva el desarrollo del car\u00e1cter de un&hellip;","_links":{"self":[{"href":"https:\/\/be-come.org\/en\/wp-json\/wp\/v2\/posts\/3793","targetHints":{"allow":["GET"]}}],"collection":[{"href":"https:\/\/be-come.org\/en\/wp-json\/wp\/v2\/posts"}],"about":[{"href":"https:\/\/be-come.org\/en\/wp-json\/wp\/v2\/types\/post"}],"author":[{"embeddable":true,"href":"https:\/\/be-come.org\/en\/wp-json\/wp\/v2\/users\/1"}],"replies":[{"embeddable":true,"href":"https:\/\/be-come.org\/en\/wp-json\/wp\/v2\/comments?post=3793"}],"version-history":[{"count":10,"href":"https:\/\/be-come.org\/en\/wp-json\/wp\/v2\/posts\/3793\/revisions"}],"predecessor-version":[{"id":5343,"href":"https:\/\/be-come.org\/en\/wp-json\/wp\/v2\/posts\/3793\/revisions\/5343"}],"wp:featuredmedia":[{"embeddable":true,"href":"https:\/\/be-come.org\/en\/wp-json\/wp\/v2\/media\/5256"}],"wp:attachment":[{"href":"https:\/\/be-come.org\/en\/wp-json\/wp\/v2\/media?parent=3793"}],"wp:term":[{"taxonomy":"category","embeddable":true,"href":"https:\/\/be-come.org\/en\/wp-json\/wp\/v2\/categories?post=3793"},{"taxonomy":"post_tag","embeddable":true,"href":"https:\/\/be-come.org\/en\/wp-json\/wp\/v2\/tags?post=3793"}],"curies":[{"name":"wp","href":"https:\/\/api.w.org\/{rel}","templated":true}]}}